{"id":125,"date":"2016-10-06T08:56:42","date_gmt":"2016-10-06T06:56:42","guid":{"rendered":"http:\/\/pl.citizensclimatelobby.org\/blog\/?p=125"},"modified":"2022-01-12T07:29:31","modified_gmt":"2022-01-12T07:29:31","slug":"ogolnokrajowa-oplata-weglowa-w-kanadzie-rozpoczyna-transformacje-do-czystej-ekonomii","status":"publish","type":"post","link":"https:\/\/pl.citizensclimatelobby.org\/blog\/ogolnokrajowa-oplata-weglowa-w-kanadzie-rozpoczyna-transformacje-do-czystej-ekonomii\/","title":{"rendered":"Og\u00f3lnokrajowa op\u0142ata w\u0119glowa\u00a0w\u00a0Kanadzie rozpoczyna transformacj\u0119\u00a0do\u00a0czystej\u00a0ekonomii"},"content":{"rendered":"<p style=\"text-align: justify;\">W\u00a0poniedzia\u0142ek, czwartego pa\u017adziernika\u00a02016 premier Kanady Justin Trudeau og\u0142osi\u0142, \u017ce\u00a0Kanada ustanowi\u00a0<a href=\"http:\/\/www.theglobeandmail.com\/news\/politics\/liberals-to-set-carbon-price-at-10-a-tonne-in-2018-rising-to-50-by-2022\/article32206937\/\" target=\"_blank\" rel=\"noopener\">og\u00f3lnokrajow\u0105 op\u0142at\u0119 w\u0119glow\u0105<\/a>,\u00a0kt\u00f3ra\u00a0b\u0119dzie kamieniem milowym w\u00a0wysi\u0142kach do\u00a0ograniczenia ryzyk zwi\u0105zanych ze\u00a0zmian\u0105 klimatu.<\/p>\n<figure id=\"attachment_127\" aria-describedby=\"caption-attachment-127\" style=\"width: 650px\" class=\"wp-caption alignnone\"><img loading=\"lazy\" decoding=\"async\" class=\"size-full wp-image-127\" src=\"http:\/\/pl.citizensclimatelobby.org\/blog\/wp-content\/uploads\/2016\/10\/Justin-Trudeau.jpg\" alt=\"Justin Trudeau\" width=\"650\" height=\"366\" \/><figcaption id=\"caption-attachment-127\" class=\"wp-caption-text\">Justin Trudeau<\/figcaption><\/figure>\n<p style=\"text-align: justify;\">Plan zak\u0142ada minimaln\u0105 op\u0142at\u0119 za\u00a0zanieczyszczenia powsta\u0142e w\u00a0wyniku spalania paliw kopalnych\u00a0w\u00a0kwocie\u00a010\u00a0USD za\u00a0ton\u0119 emisji odpowiednika dwutlenku w\u0119gla\u00a0w\u00a0roku\u00a02018. Op\u0142ata w\u0119glowa wzro\u015bnie do\u00a050\u00a0USD za\u00a0ton\u0119 przed\u00a0rokiem\u00a02022. Jednostki administracyjno-terytorialne Kanady b\u0119d\u0105 mia\u0142y elastyczno\u015b\u0107 w\u00a0decydowaniu jak\u00a0zaimplementowa\u0107 op\u0142at\u0119 w\u0119glow\u0105. Mog\u0105 na\u0142o\u017cy\u0107 bezpo\u015bredni\u00a0podatek na\u00a0paliwa kopalne, emisje gaz\u00f3w cieplarnianych lub\u00a0wprowadzi\u0107 system handlu pozwoleniami na\u00a0emisje.\u00a0Rz\u0105d Kanady b\u0119dzie dostarcza\u0142 system i\u00a0regulacje zwi\u0105zane z\u00a0op\u0142at\u0105 w\u0119glow\u0105 dla\u00a0tych prowincji i\u00a0obszar\u00f3w, kt\u00f3re\u00a0nie wdro\u017c\u0105 swojego rozwi\u0105zania do\u00a02018 roku. Centralna op\u0142ata w\u0119glowa b\u0119dzie <a href=\"https:\/\/pl.wikipedia.org\/wiki\/Citizens_Climate_Lobby#Neutralna_finansowo_op.C5.82ata_i_dywidenda\">neutralna finansowo<\/a>\u00a0i\u00a0b\u0119dzie zwracana do\u00a0prowincji, by\u00a0wykorzysta\u0142y\u00a0j\u0105 wed\u0142ug uznania. Rz\u0105d Kanady b\u0119dzie pracowa\u0142 z\u00a0przedstawicielami jednostek administracyjno-terytorialnych, \u017ceby\u00a0razem stawi\u0107 czo\u0142a napotkanym wyzwaniom.<\/p>\n<p style=\"text-align: justify;\">Cz\u0142onkowie\u00a0Citizens\u2019 Climate Lobby (CCL) w\u00a0Kanadzie byli pozytywnie zaskoczeni poniedzia\u0142kowym og\u0142oszeniem. \u015awi\u0119tuj\u0105c to\u00a0prze\u0142omowe wydarzenie podkre\u015blali, \u017ce\u00a0ich praca nie\u00a0dobieg\u0142a ko\u0144ca, ale\u00a0teraz stanie znacznie \u0142atwiejsza. Od\u00a02010 roku Kanadyjskie oddzia\u0142y CCL budowa\u0142y polityczne poparcie dla\u00a0neutralnej finansowo, krajowej, wzrastaj\u0105cej op\u0142aty w\u0119glowej. Wolontariusze napisali\u00a01330 list\u00f3w do\u00a0redakcji i\u00a0artyku\u0142\u00f3w, dziesi\u0119ciokrotnie lobbowali w\u00a0siedzibie kanadyjskiego Rz\u0105du oraz\u00a0zorganizowali <a href=\"https:\/\/canada.citizensclimatelobby.org\/ccl-canadas-2016-national-conference-and-lobby-days\/\">3 narodowe konferencje<\/a>. Przed wyborami w\u00a0Kanadzie w\u00a02015 roku, CCL stworzy\u0142o <a href=\"https:\/\/www.youtube.com\/playlist?list=PL16mMPEM8-ZUYhf7c2e_Jwq1Ih37yYCsa\">trzy og\u0142oszenia publiczne<\/a> o\u00a0op\u0142acie w\u0119glowej, kt\u00f3re\u00a0zosta\u0142y wyemitowane na\u00a0terenie ca\u0142ego kraju.<\/p>\n<p style=\"text-align: justify;\">Wyst\u0105pienie\u00a0Justina Trudeau daje dobry przyk\u0142ad wszystkim krajom, kt\u00f3re\u00a0podpisa\u0142y <a href=\"https:\/\/pl.wikipedia.org\/wiki\/Konferencja_Narod%C3%B3w_Zjednoczonych_w_sprawie_zmian_klimatu,_Pary%C5%BC_2015\">porozumienie paryskie<\/a>. Transformacja globalna jest do\u00a0zrealizowania, ale\u00a0wymaga wsp\u00f3\u0142pracy i\u00a0dzia\u0142a\u0144 ze strony obywateli i\u00a0rz\u0105d\u00f3w. Na\u00a0arenie mi\u0119dzynarodowej cel zosta\u0142 ustalony &#8211; zatrzymanie globalnego ocieplenia poni\u017cej 2\u00a0stopni\u00a0Celsjusza. Zosta\u0142o\u00a0nam tylko odegra\u0107 swoj\u0105 rol\u0119 w\u00a0tej sztuce.<\/p>\n","protected":false},"excerpt":{"rendered":"<p>W\u00a0poniedzia\u0142ek, czwartego pa\u017adziernika\u00a02016 premier Kanady Justin Trudeau og\u0142osi\u0142, \u017ce\u00a0Kanada ustanowi\u00a0og\u00f3lnokrajow\u0105 op\u0142at\u0119 w\u0119glow\u0105,\u00a0kt\u00f3ra\u00a0b\u0119dzie kamieniem milowym w\u00a0wysi\u0142kach do\u00a0ograniczenia ryzyk zwi\u0105zanych ze\u00a0zmian\u0105 klimatu. Plan zak\u0142ada minimaln\u0105 op\u0142at\u0119 za\u00a0zanieczyszczenia powsta\u0142e w\u00a0wyniku spalania paliw kopalnych\u00a0w\u00a0kwocie\u00a010\u00a0USD za\u00a0ton\u0119 emisji odpowiednika dwutlenku w\u0119gla\u00a0w\u00a0roku\u00a02018. Op\u0142ata w\u0119glowa wzro\u015bnie do\u00a050\u00a0USD za\u00a0ton\u0119 przed\u00a0rokiem\u00a02022. Jednostki administracyjno-terytorialne Kanady b\u0119d\u0105 mia\u0142y elastyczno\u015b\u0107 w\u00a0decydowaniu jak\u00a0zaimplementowa\u0107 op\u0142at\u0119 w\u0119glow\u0105. Mog\u0105 na\u0142o\u017cy\u0107 bezpo\u015bredni\u00a0podatek na\u00a0paliwa&hellip; <a class=\"more-link\" href=\"https:\/\/pl.citizensclimatelobby.org\/blog\/ogolnokrajowa-oplata-weglowa-w-kanadzie-rozpoczyna-transformacje-do-czystej-ekonomii\/\">Continue reading <span class=\"screen-reader-text\">Og\u00f3lnokrajowa op\u0142ata w\u0119glowa\u00a0w\u00a0Kanadzie rozpoczyna transformacj\u0119\u00a0do\u00a0czystej\u00a0ekonomii<\/span><\/a><\/p>\n","protected":false},"author":1,"featured_media":0,"comment_status":"closed","ping_status":"open","sticky":false,"template":"","format":"standard","meta":{"footnotes":""},"categories":[1],"tags":[],"class_list":["post-125","post","type-post","status-publish","format-standard","hentry","category-wydarzenia","entry"],"_links":{"self":[{"href":"https:\/\/pl.citizensclimatelobby.org\/blog\/wp-json\/wp\/v2\/posts\/125","targetHints":{"allow":["GET"]}}],"collection":[{"href":"https:\/\/pl.citizensclimatelobby.org\/blog\/wp-json\/wp\/v2\/posts"}],"about":[{"href":"https:\/\/pl.citizensclimatelobby.org\/blog\/wp-json\/wp\/v2\/types\/post"}],"author":[{"embeddable":true,"href":"https:\/\/pl.citizensclimatelobby.org\/blog\/wp-json\/wp\/v2\/users\/1"}],"replies":[{"embeddable":true,"href":"https:\/\/pl.citizensclimatelobby.org\/blog\/wp-json\/wp\/v2\/comments?post=125"}],"version-history":[{"count":4,"href":"https:\/\/pl.citizensclimatelobby.org\/blog\/wp-json\/wp\/v2\/posts\/125\/revisions"}],"predecessor-version":[{"id":586,"href":"https:\/\/pl.citizensclimatelobby.org\/blog\/wp-json\/wp\/v2\/posts\/125\/revisions\/586"}],"wp:attachment":[{"href":"https:\/\/pl.citizensclimatelobby.org\/blog\/wp-json\/wp\/v2\/media?parent=125"}],"wp:term":[{"taxonomy":"category","embeddable":true,"href":"https:\/\/pl.citizensclimatelobby.org\/blog\/wp-json\/wp\/v2\/categories?post=125"},{"taxonomy":"post_tag","embeddable":true,"href":"https:\/\/pl.citizensclimatelobby.org\/blog\/wp-json\/wp\/v2\/tags?post=125"}],"curies":[{"name":"wp","href":"https:\/\/api.w.org\/{rel}","templated":true}]}}