{"id":548,"date":"2021-02-20T10:01:05","date_gmt":"2021-02-20T09:01:05","guid":{"rendered":"http:\/\/pl.citizensclimatelobby.org\/blog\/?p=548"},"modified":"2022-01-12T07:28:43","modified_gmt":"2022-01-12T07:28:43","slug":"ozywienie-klimatycznego-sojuszu-transatlantyckiego","status":"publish","type":"post","link":"https:\/\/pl.citizensclimatelobby.org\/blog\/ozywienie-klimatycznego-sojuszu-transatlantyckiego\/","title":{"rendered":"O\u017cywienie klimatycznego sojuszu transatlantyckiego"},"content":{"rendered":"\n<p>W pi\u0105tek 19 lutego 2021 roku odby\u0142a si\u0119 Monachijska Konferencja Bezpiecze\u0144stwa. Ze wzgl\u0119du na pandemi\u0119 po raz pierwszy w formie online. W ci\u0105gu trzygodzinnego podsumowania wyst\u0105pili prezydent USA Joe Biden, kanclerz Niemiec Angela Merkel, prezydenta Francji Emmanuel Macron i premier Wielkiej Brytanii Boris Johnson. Liderzy jednog\u0142o\u015bnie podkre\u015blali wag\u0119 problemu zmiany klimatu i konieczno\u015bci wsp\u00f3\u0142pracy, by unikn\u0105\u0107 najgorszych konsekwencji globalnego ocieplenia.<\/p>\n\n\n\n<figure class=\"wp-block-image size-large\"><img decoding=\"async\" src=\"http:\/\/pl.citizensclimatelobby.org\/blog\/wp-content\/uploads\/2021\/02\/msc-biden-1024x658.png\" alt=\"\" class=\"wp-image-547\"\/><figcaption>Wyst\u0105pienie Joe Bidena podczas Monachijskiej Konferencji Bezpiecze\u0144stwa<\/figcaption><\/figure>\n\n\n\n<p>Prezydent Joe Biden powiedzia\u0142, \u017ce &#8220;nie mo\u017cemy ju\u017c d\u0142u\u017cej odk\u0142ada\u0107 lub robi\u0107 minimum, by rozwi\u0105za\u0107 problem zmiany klimatu. To jest globalny kryzys egzystencjalny. Wszyscy b\u0119dziemy cierpie\u0107 konsekwencje je\u015bli nam si\u0119 nie uda.&#8221; Prezydent Biden podkre\u015bli\u0142 znaczenie szybko rosn\u0105cego tempa redukcji emisji, wzajemnego egzekwowania zobowi\u0105za\u0144 i zwi\u0119kszenia ambicji. W dniu konferencji Stany Zjednoczone oficjalnie do\u0142\u0105czy\u0142y z powrotem do porozumienia paryskiego. USA razem w partnerami z Europy pragnie zainwestowa\u0107 w nowoczesne technologie odnawialnych \u017ar\u00f3de\u0142 energii, kt\u00f3re b\u0119d\u0105 konkurowa\u0107 na \u015bwiatowym rynku.<\/p>\n\n\n\n<p>Kanclerz Angela Merkel powiedzia\u0142a, \u017ce klimatyczne cele 2030 roku mog\u0105 by\u0107 osi\u0105gni\u0119te tylko je\u015bli b\u0119dziemy dzia\u0142a\u0107 razem. Zaznaczy\u0142a te\u017c, \u017ce dzia\u0142ania i ich efekty s\u0105 dowodem skuteczno\u015bci demokratycznych rz\u0105d\u00f3w, co jest w szczeg\u00f3lno\u015bci istotne w kontek\u015bcie poruszonych przez Joe Bidena atak\u00f3w ze strony ustroj\u00f3w autorytarnych. Gdy demokratyczne warto\u015bci s\u0105 podwa\u017cane najlepsze, co mo\u017cemy zrobi\u0107, to przewodzi\u0107 \u015bwiatu dobrym przyk\u0142adem.<\/p>\n\n\n\n<p>Prezydent Emmanuel Macron podkre\u015bli\u0142, \u017ce mamy historyczn\u0105 rol\u0119 do odegrania je\u015bli chodzi o walk\u0119 ze zmian\u0105 klimatu. Przewodnicz\u0105ca Komisji Europejskiej Ursula von der Leyen okre\u015bli\u0142a globalne ocieplenie jako najwi\u0119ksze zbli\u017caj\u0105ce si\u0119 zagro\u017cenie po Covid-19, dodaj\u0105c &#8220;utrarata bior\u00f3\u017cnorodno\u015bci jest g\u0142\u00f3wn\u0105 przyczyn\u0105 dzisiejszej i potencjalnie przysz\u0142ych pandemii&#8221;.<\/p>\n\n\n\n<p>John Kerry, jako specjalny wys\u0142annik prezydenta USA ds. klimatu, r\u00f3wnie\u017c przem\u00f3wi\u0142 podczas konferencji. Zacz\u0105\u0142 od nawi\u0105zania do tematu przewodniego konferencji, m\u00f3wi\u0105c &#8220;zmiana klimatu jest jednym z najbardziej skomplikowanych zagro\u017ce\u0144 bezpiecze\u0144stwa z jakim kiedykolwiek musieli\u015bmy si\u0119 zmierzy\u0107&#8221;. Obserwowane ekstremalne zjawiska pogodowe powinny by\u0107 zmartwieniem ka\u017cdego z nas. 2030 to graniczna data, do kt\u00f3rej powinni\u015bmy zlikwidowa\u0107 emisje gaz\u00f3w cieplarnianych, by mie\u0107 szanse na ocieplenie poni\u017cej 1,5 \u00b0C. &#8220;Jeste\u015bmy w trakcie decyduj\u0105cej dekady&#8221; dodaje John. Po czym podkre\u015bli\u0142 wag\u0119 dzia\u0142a\u0144 w najbli\u017cszych latach.<\/p>\n\n\n\n<p>Na koniec premier Boris Johnson powiedzia\u0142, \u017ce chce odbudowa\u0107 zielon\u0105 ekonomi\u0119 po pandemii. Jako pierwszy uprzemys\u0142owiony kraj, kt\u00f3ry wdro\u017cy\u0142 cel wyzerowania emisji do 2050 roku, Wielka Brytania ma nadzieje, \u017ce inne kraje b\u0119d\u0105 pod\u0105\u017ca\u0107 planem ich rewolucji energetycznej.<\/p>\n","protected":false},"excerpt":{"rendered":"<p>W pi\u0105tek 19 lutego 2021 roku odby\u0142a si\u0119 Monachijska Konferencja Bezpiecze\u0144stwa. Ze wzgl\u0119du na pandemi\u0119 po raz pierwszy w formie online. W ci\u0105gu trzygodzinnego podsumowania wyst\u0105pili prezydent USA Joe Biden, kanclerz Niemiec Angela Merkel, prezydenta Francji Emmanuel Macron i premier Wielkiej Brytanii Boris Johnson. Liderzy jednog\u0142o\u015bnie podkre\u015blali wag\u0119 problemu zmiany klimatu i konieczno\u015bci wsp\u00f3\u0142pracy, by&hellip; <a class=\"more-link\" href=\"https:\/\/pl.citizensclimatelobby.org\/blog\/ozywienie-klimatycznego-sojuszu-transatlantyckiego\/\">Continue reading <span class=\"screen-reader-text\">O\u017cywienie klimatycznego sojuszu transatlantyckiego<\/span><\/a><\/p>\n","protected":false},"author":1,"featured_media":0,"comment_status":"closed","ping_status":"open","sticky":false,"template":"","format":"standard","meta":{"footnotes":""},"categories":[1],"tags":[],"class_list":["post-548","post","type-post","status-publish","format-standard","hentry","category-wydarzenia","entry"],"_links":{"self":[{"href":"https:\/\/pl.citizensclimatelobby.org\/blog\/wp-json\/wp\/v2\/posts\/548","targetHints":{"allow":["GET"]}}],"collection":[{"href":"https:\/\/pl.citizensclimatelobby.org\/blog\/wp-json\/wp\/v2\/posts"}],"about":[{"href":"https:\/\/pl.citizensclimatelobby.org\/blog\/wp-json\/wp\/v2\/types\/post"}],"author":[{"embeddable":true,"href":"https:\/\/pl.citizensclimatelobby.org\/blog\/wp-json\/wp\/v2\/users\/1"}],"replies":[{"embeddable":true,"href":"https:\/\/pl.citizensclimatelobby.org\/blog\/wp-json\/wp\/v2\/comments?post=548"}],"version-history":[{"count":4,"href":"https:\/\/pl.citizensclimatelobby.org\/blog\/wp-json\/wp\/v2\/posts\/548\/revisions"}],"predecessor-version":[{"id":552,"href":"https:\/\/pl.citizensclimatelobby.org\/blog\/wp-json\/wp\/v2\/posts\/548\/revisions\/552"}],"wp:attachment":[{"href":"https:\/\/pl.citizensclimatelobby.org\/blog\/wp-json\/wp\/v2\/media?parent=548"}],"wp:term":[{"taxonomy":"category","embeddable":true,"href":"https:\/\/pl.citizensclimatelobby.org\/blog\/wp-json\/wp\/v2\/categories?post=548"},{"taxonomy":"post_tag","embeddable":true,"href":"https:\/\/pl.citizensclimatelobby.org\/blog\/wp-json\/wp\/v2\/tags?post=548"}],"curies":[{"name":"wp","href":"https:\/\/api.w.org\/{rel}","templated":true}]}}